{"id":29162,"date":"2025-11-21T16:00:41","date_gmt":"2025-11-21T16:00:41","guid":{"rendered":"https:\/\/tthcompany.ma\/?p=29162"},"modified":"2025-11-21T16:08:33","modified_gmt":"2025-11-21T16:08:33","slug":"affichage-led-maroc-guide-complet-des-ecrans","status":"publish","type":"post","link":"https:\/\/tthcompany.ma\/index.php\/2025\/11\/21\/affichage-led-maroc-guide-complet-des-ecrans\/","title":{"rendered":"Affichage LED Maroc : Guide Complet des \u00c9crans Dynamiques Professionnels"},"content":{"rendered":"\n<h2 class=\"wp-block-heading has-medium-font-size\">l\u2019affichage LED au Maroc<\/h2>\n\n\n\n<p>Dans un monde o\u00f9 la visibilit\u00e9 est cruciale, <strong>l\u2019<a href=\"https:\/\/lampro.ma\/product-tag\/affichage-led\/\" title=\"\">affichage LED<\/a><\/strong> s\u2019est impos\u00e9 comme la <strong>technologie incontournable<\/strong> pour capter l\u2019attention, informer et valoriser une marque. Au Maroc, ce secteur est en <strong>pleine croissance<\/strong>, et les entreprises adoptent rapidement des solutions dynamiques pour rester comp\u00e9titives.<\/p>\n\n\n\n<blockquote class=\"wp-block-quote is-layout-flow wp-block-quote-is-layout-flow\">\n<p>&#8220;Chez Lampro, nous accompagnons cette r\u00e9volution visuelle depuis ses d\u00e9buts.&#8221;<\/p>\n<\/blockquote>\n\n\n\n<hr class=\"wp-block-separator has-alpha-channel-opacity is-style-dots\"\/>\n\n\n\n<h2 class=\"wp-block-heading has-medium-font-size\">Qu\u2019est-ce que l\u2019affichage LED dynamique ?<\/h2>\n\n\n\n<p>L\u2019affichage LED dynamique utilise des <strong>diodes \u00e9lectroluminescentes<\/strong> pour afficher en temps r\u00e9el :<\/p>\n\n\n\n<ul class=\"wp-block-list\">\n<li>Textes, images et vid\u00e9os<\/li>\n\n\n\n<li>Animations promotionnelles<\/li>\n\n\n\n<li>Informations en continu (m\u00e9t\u00e9o, bourse, etc.)<\/li>\n<\/ul>\n\n\n\n<p>Contrairement \u00e0 l&#8217;affichage fixe, il permet une <strong>programmation \u00e0 distance<\/strong> et une grande souplesse d\u2019utilisation.<\/p>\n\n\n\n<hr class=\"wp-block-separator has-alpha-channel-opacity is-style-dots\"\/>\n\n\n\n<h2 class=\"wp-block-heading has-medium-font-size\">Pourquoi opter pour la technologie LED dans votre communication ?<\/h2>\n\n\n\n<p>Les raisons sont nombreuses :<\/p>\n\n\n\n<ul class=\"wp-block-list\">\n<li>Luminosit\u00e9 exceptionnelle m\u00eame en plein jour<\/li>\n\n\n\n<li>\u00c9conomie d\u2019\u00e9nergie face aux \u00e9crans LCD classiques<\/li>\n\n\n\n<li>Longue dur\u00e9e de vie (jusqu\u2019\u00e0 100 000 heures)<\/li>\n\n\n\n<li>Design modulable, adaptatif \u00e0 tout format<\/li>\n<\/ul>\n\n\n\n<hr class=\"wp-block-separator has-alpha-channel-opacity is-style-dots\"\/>\n\n\n\n<h2 class=\"wp-block-heading has-medium-font-size\">Comparatif LED vs affichage traditionnel<\/h2>\n\n\n\n<figure class=\"wp-block-table\"><table class=\"has-fixed-layout\"><thead><tr><th>Crit\u00e8re<\/th><th>Affichage LED<\/th><th>Affichage papier<\/th><\/tr><\/thead><tbody><tr><td>Co\u00fbt long terme<\/td><td>\u2705 \u00c9conomique<\/td><td>\u274c R\u00e9p\u00e9titif<\/td><\/tr><tr><td>Visibilit\u00e9<\/td><td>\u2705 Haute luminosit\u00e9<\/td><td>\u274c Faible dehors<\/td><\/tr><tr><td>Contenu modifiable<\/td><td>\u2705 En temps r\u00e9el<\/td><td>\u274c Fixe<\/td><\/tr><tr><td>Impact \u00e9cologique<\/td><td>\u2705 Moins de d\u00e9chets<\/td><td>\u274c Impression constante<\/td><\/tr><\/tbody><\/table><\/figure>\n\n\n\n<hr class=\"wp-block-separator has-alpha-channel-opacity is-style-dots\"\/>\n\n\n\n<h2 class=\"wp-block-heading has-medium-font-size\">Types d\u2019affichage LED disponibles au Maroc<\/h2>\n\n\n\n<ul class=\"wp-block-list\">\n<li>\u00c9crans LED d\u2019ext\u00e9rieur (b\u00e2timents, autoroutes)<\/li>\n\n\n\n<li>\u00c9crans LED d\u2019int\u00e9rieur (magasins, halls)<\/li>\n\n\n\n<li>Murs vid\u00e9o g\u00e9ants<\/li>\n\n\n\n<li>Totems interactifs<\/li>\n\n\n\n<li>Enseignes lumineuses personnalis\u00e9es<\/li>\n<\/ul>\n\n\n\n<hr class=\"wp-block-separator has-alpha-channel-opacity is-style-dots\"\/>\n\n\n\n<h2 class=\"wp-block-heading has-medium-font-size\">Les avantages \u00e9conomiques et \u00e9cologiques<\/h2>\n\n\n\n<p>Utiliser un \u00e9cran LED permet de :<\/p>\n\n\n\n<ul class=\"wp-block-list\">\n<li>R\u00e9duire l\u2019impression papier<\/li>\n\n\n\n<li>Centraliser les campagnes marketing<\/li>\n\n\n\n<li>Capter plus de clients sans co\u00fbts de distribution<\/li>\n\n\n\n<li>Am\u00e9liorer l\u2019image \u00e9cologique de l\u2019entreprise<\/li>\n<\/ul>\n\n\n\n<hr class=\"wp-block-separator has-alpha-channel-opacity is-style-dots\"\/>\n\n\n\n<h2 class=\"wp-block-heading has-medium-font-size\">Application : affichage en vitrine<\/h2>\n\n\n\n<p>Un \u00e9cran en vitrine attire 3 \u00e0 5 fois plus de regards qu\u2019une affiche classique. Il vous permet de :<\/p>\n\n\n\n<ul class=\"wp-block-list\">\n<li>Mettre en avant vos promotions du jour<\/li>\n\n\n\n<li>Diffuser des t\u00e9moignages vid\u00e9o<\/li>\n\n\n\n<li>Changer de contenu automatiquement selon l\u2019heure ou la m\u00e9t\u00e9o<\/li>\n<\/ul>\n\n\n\n<p>\ud83d\udd17 Voir : <a href=\"https:\/\/lampro.ma\/product-tag\/affichage-dynamique-led-maroc\/\">Affichage dynamique vitrine LED Maroc<\/a> \u2705<\/p>\n\n\n\n<hr class=\"wp-block-separator has-alpha-channel-opacity is-style-dots\"\/>\n\n\n\n<h2 class=\"wp-block-heading has-medium-font-size\">Application : \u00e9crans g\u00e9ants ext\u00e9rieurs<\/h2>\n\n\n\n<p>Id\u00e9al pour :<\/p>\n\n\n\n<ul class=\"wp-block-list\">\n<li>Centres commerciaux<\/li>\n\n\n\n<li>Fa\u00e7ades d\u2019immeubles<\/li>\n\n\n\n<li>Stades &amp; \u00e9v\u00e9nements<\/li>\n<\/ul>\n\n\n\n<p>Ils supportent les intemp\u00e9ries, le soleil direct et les longues heures d\u2019utilisation.<\/p>\n\n\n\n<p>\ud83d\udd17 \u00c0 consulter : <a href=\"https:\/\/lampro.ma\/product-tag\/affichage-led-maroc\/\">Affichage LED ext\u00e9rieur<\/a> \u2705<\/p>\n\n\n\n<hr class=\"wp-block-separator has-alpha-channel-opacity is-style-dots\"\/>\n\n\n\n<h2 class=\"wp-block-heading has-medium-font-size\">Application : signal\u00e9tique dynamique int\u00e9rieure<\/h2>\n\n\n\n<p>L\u2019<a href=\"https:\/\/tthcompany.ma\/index.php\/product-brand\/lampro\/\" title=\"\">affichage LED<\/a> est aussi un outil de signal\u00e9tique moderne :<\/p>\n\n\n\n<ul class=\"wp-block-list\">\n<li>Orientation dans les bureaux, h\u00f4pitaux, h\u00f4tels<\/li>\n\n\n\n<li>Informations en temps r\u00e9el dans les a\u00e9roports<\/li>\n\n\n\n<li>Tableaux dynamiques dans les \u00e9coles<\/li>\n<\/ul>\n\n\n\n<p>\ud83d\udd17 Plus d&#8217;infos : <a href=\"https:\/\/lampro.ma\/product-tag\/affichage-dynamique-led\/\">Affichage dynamique int\u00e9rieur<\/a> \u2705<\/p>\n\n\n\n<hr class=\"wp-block-separator has-alpha-channel-opacity is-style-dots\"\/>\n\n\n\n<h2 class=\"wp-block-heading has-medium-font-size\">Zoom sur les panneaux LED haute luminosit\u00e9<\/h2>\n\n\n\n<p>Ces \u00e9crans permettent une <strong>visibilit\u00e9 optimale m\u00eame en plein soleil<\/strong>, sans perdre en contraste. Id\u00e9al pour les fa\u00e7ades Sud et les enseignes sur routes expos\u00e9es.<\/p>\n\n\n\n<hr class=\"wp-block-separator has-alpha-channel-opacity is-style-dots\"\/>\n\n\n\n<h2 class=\"wp-block-heading has-medium-font-size\">Mur vid\u00e9o LED pour salle de contr\u00f4le &amp; \u00e9v\u00e9nementiel<\/h2>\n\n\n\n<p>Les <strong>murs vid\u00e9os<\/strong> se composent de modules assembl\u00e9s pour :<\/p>\n\n\n\n<ul class=\"wp-block-list\">\n<li>Un affichage sans bordure<\/li>\n\n\n\n<li>Une image ultra haute d\u00e9finition<\/li>\n\n\n\n<li>Une gestion multi-source (PC, cam\u00e9ra, etc.)<\/li>\n<\/ul>\n\n\n\n<hr class=\"wp-block-separator has-alpha-channel-opacity is-style-dots\"\/>\n\n\n\n<h2 class=\"wp-block-heading has-medium-font-size\">Totem LED ext\u00e9rieur : visibilit\u00e9 \u00e0 360\u00b0<\/h2>\n\n\n\n<p>Ces totems attirent l\u2019\u0153il des passants, m\u00eame \u00e0 distance :<\/p>\n\n\n\n<ul class=\"wp-block-list\">\n<li>Fixes ou rotatifs<\/li>\n\n\n\n<li>Adapt\u00e9s aux ronds-points, zones industrielles, centres commerciaux<\/li>\n\n\n\n<li>Commande \u00e0 distance possible<\/li>\n<\/ul>\n\n\n\n<hr class=\"wp-block-separator has-alpha-channel-opacity is-style-dots\"\/>\n\n\n\n<h2 class=\"wp-block-heading has-medium-font-size\">Enseignes lumineuses pour commerces et franchises<\/h2>\n\n\n\n<p>L\u2019enseigne reste un \u00e9l\u00e9ment fondamental :<\/p>\n\n\n\n<ul class=\"wp-block-list\">\n<li>Premi\u00e8re impression visuelle du client<\/li>\n\n\n\n<li>Visible de jour comme de nuit<\/li>\n\n\n\n<li>Valorise votre image<\/li>\n<\/ul>\n\n\n\n<p>\ud83d\udd17 Voir aussi : <a href=\"https:\/\/lampro.ma\/product-tag\/affichage-led\/\">Affichage LED Lampro<\/a> \u2705<\/p>\n\n\n\n<hr class=\"wp-block-separator has-alpha-channel-opacity is-style-dots\"\/>\n\n\n\n<h2 class=\"wp-block-heading has-medium-font-size\">Personnalisation de vos solutions LED<\/h2>\n\n\n\n<p>Nous vous proposons :<\/p>\n\n\n\n<ul class=\"wp-block-list\">\n<li>Taille sur mesure<\/li>\n\n\n\n<li>Design sur brief graphique<\/li>\n\n\n\n<li>Support d\u2019int\u00e9gration m\u00e9tallique<\/li>\n\n\n\n<li>Installation sur site<\/li>\n<\/ul>\n\n\n\n<blockquote class=\"wp-block-quote is-layout-flow wp-block-quote-is-layout-flow\">\n<p>&#8220;Chaque projet est unique. Notre \u00e9quipe le construit avec vous.&#8221;<\/p>\n<\/blockquote>\n\n\n\n<hr class=\"wp-block-separator has-alpha-channel-opacity is-style-dots\"\/>\n\n\n\n<h2 class=\"wp-block-heading has-medium-font-size\">O\u00f9 installer vos \u00e9crans LED au Maroc ?<\/h2>\n\n\n\n<p>Les \u00e9crans LED s\u2019adaptent \u00e0 toutes les villes :<\/p>\n\n\n\n<ul class=\"wp-block-list\">\n<li>Casablanca<\/li>\n\n\n\n<li>Rabat<\/li>\n\n\n\n<li>Tanger<\/li>\n\n\n\n<li>Marrakech<\/li>\n\n\n\n<li>Agadir<\/li>\n\n\n\n<li>F\u00e8s<\/li>\n<\/ul>\n\n\n\n<hr class=\"wp-block-separator has-alpha-channel-opacity is-style-dots\"\/>\n\n\n\n<h2 class=\"wp-block-heading has-medium-font-size\">Les secteurs qui utilisent nos solutions<\/h2>\n\n\n\n<ul class=\"wp-block-list\">\n<li>Retail (boutiques, franchises)<\/li>\n\n\n\n<li>Finance (banques, assurances)<\/li>\n\n\n\n<li>Sant\u00e9 (cliniques, h\u00f4pitaux)<\/li>\n\n\n\n<li>\u00c9ducation (\u00e9coles, universit\u00e9s)<\/li>\n\n\n\n<li>Administrations publiques<\/li>\n\n\n\n<li>Transport (gares, a\u00e9roports)<\/li>\n<\/ul>\n\n\n\n<hr class=\"wp-block-separator has-alpha-channel-opacity is-style-dots\"\/>\n\n\n\n<h2 class=\"wp-block-heading has-medium-font-size\">Nos engagements qualit\u00e9<\/h2>\n\n\n\n<p>Nous assurons :<\/p>\n\n\n\n<ul class=\"wp-block-list\">\n<li>Installation cl\u00e9 en main<\/li>\n\n\n\n<li>Garantie de 2 \u00e0 5 ans<\/li>\n\n\n\n<li>Support technique national<\/li>\n\n\n\n<li>SAV sous 48h<\/li>\n<\/ul>\n\n\n\n<hr class=\"wp-block-separator has-alpha-channel-opacity is-style-dots\"\/>\n\n\n\n<h2 class=\"wp-block-heading has-medium-font-size\">Comment commander un \u00e9cran LED personnalis\u00e9 ?<\/h2>\n\n\n\n<ol class=\"wp-block-list\">\n<li>Contactez-nous pour un devis<\/li>\n\n\n\n<li>Pr\u00e9sentez votre besoin (dimensions, contenu)<\/li>\n\n\n\n<li>Nous vous proposons une solution adapt\u00e9e<\/li>\n\n\n\n<li>Fabrication et installation sous 15 \u00e0 30 jours<\/li>\n<\/ol>\n\n\n\n<hr class=\"wp-block-separator has-alpha-channel-opacity is-style-dots\"\/>\n\n\n\n<h2 class=\"wp-block-heading has-medium-font-size\">FAQ<\/h2>\n\n\n\n<p><strong>Quel est le prix d\u2019un <a href=\"https:\/\/tthcompany.ma\/index.php\/product-brand\/lampro\/\" title=\"\">\u00e9cran LED<\/a> ?<\/strong><br>Selon la taille et le mod\u00e8le, comptez entre 8 000 MAD et 120 000 MAD.<\/p>\n\n\n\n<p><strong>Peut-on piloter l\u2019\u00e9cran \u00e0 distance ?<\/strong><br>Oui, via logiciel ou application web.<\/p>\n\n\n\n<p><strong>Est-ce adapt\u00e9 aux zones tr\u00e8s chaudes ?<\/strong><br>Oui, nos \u00e9crans sont test\u00e9s pour fonctionner jusqu\u2019\u00e0 60\u00b0C.<\/p>\n\n\n\n<hr class=\"wp-block-separator has-alpha-channel-opacity is-style-dots\"\/>\n\n\n\n<h2 class=\"wp-block-heading has-medium-font-size\">Conclusion \u2013 Pourquoi choisir Lampro pour vos \u00e9crans LED au Maroc ?<\/h2>\n\n\n\n<p>Lampro s\u2019impose comme un acteur incontournable de <strong>l\u2019affichage dynamique LED au Maroc<\/strong>. Gr\u00e2ce \u00e0 notre exp\u00e9rience, nos produits sur mesure et notre r\u00e9seau d\u2019installation, nous offrons une solution compl\u00e8te, fiable et performante.<\/p>\n\n\n\n<p>\ud83d\udd17 Lire aussi :<\/p>\n\n\n\n<ul class=\"wp-block-list\">\n<li><a href=\"https:\/\/lampro.ma\/affichage-dynamique-led-reinventer-la-communication-visuelle-au-maroc\/\">R\u00e9inventer la communication visuelle<\/a> \u2705<\/li>\n\n\n\n<li><a href=\"https:\/\/lampro.ma\/affichage-led-levolution-incontournable-de-la-communication-visuelle\/\">L\u2019\u00e9volution incontournable de l\u2019affichage LED<\/a> \u2705<\/li>\n<\/ul>\n","protected":false},"excerpt":{"rendered":"<p>l\u2019affichage LED au Maroc Dans un monde o\u00f9 la visibilit\u00e9 est cruciale, l\u2019affichage LED s\u2019est impos\u00e9 comme la technologie incontournable pour capter l\u2019attention, informer et valoriser une marque. Au Maroc, ce secteur est en pleine croissance, et les entreprises adoptent rapidement des solutions dynamiques pour rester comp\u00e9titives. &#8220;Chez Lampro, nous accompagnons cette r\u00e9volution visuelle depuis [&hellip;]<\/p>\n","protected":false},"author":113,"featured_media":29163,"comment_status":"open","ping_status":"open","sticky":false,"template":"","format":"standard","meta":{"om_disable_all_campaigns":false,"_monsterinsights_skip_tracking":false,"_monsterinsights_sitenote_active":false,"_monsterinsights_sitenote_note":"","_monsterinsights_sitenote_category":0,"footnotes":""},"categories":[1365,1551],"tags":[1553,1552],"class_list":["post-29162","post","type-post","status-publish","format-standard","has-post-thumbnail","hentry","category-affichage-led-commercial","category-affichage-led-maroc","tag-affichage-led","tag-affichage-led-maroc"],"aioseo_notices":[],"_links":{"self":[{"href":"https:\/\/tthcompany.ma\/index.php\/wp-json\/wp\/v2\/posts\/29162","targetHints":{"allow":["GET"]}}],"collection":[{"href":"https:\/\/tthcompany.ma\/index.php\/wp-json\/wp\/v2\/posts"}],"about":[{"href":"https:\/\/tthcompany.ma\/index.php\/wp-json\/wp\/v2\/types\/post"}],"author":[{"embeddable":true,"href":"https:\/\/tthcompany.ma\/index.php\/wp-json\/wp\/v2\/users\/113"}],"replies":[{"embeddable":true,"href":"https:\/\/tthcompany.ma\/index.php\/wp-json\/wp\/v2\/comments?post=29162"}],"version-history":[{"count":5,"href":"https:\/\/tthcompany.ma\/index.php\/wp-json\/wp\/v2\/posts\/29162\/revisions"}],"predecessor-version":[{"id":29169,"href":"https:\/\/tthcompany.ma\/index.php\/wp-json\/wp\/v2\/posts\/29162\/revisions\/29169"}],"wp:featuredmedia":[{"embeddable":true,"href":"https:\/\/tthcompany.ma\/index.php\/wp-json\/wp\/v2\/media\/29163"}],"wp:attachment":[{"href":"https:\/\/tthcompany.ma\/index.php\/wp-json\/wp\/v2\/media?parent=29162"}],"wp:term":[{"taxonomy":"category","embeddable":true,"href":"https:\/\/tthcompany.ma\/index.php\/wp-json\/wp\/v2\/categories?post=29162"},{"taxonomy":"post_tag","embeddable":true,"href":"https:\/\/tthcompany.ma\/index.php\/wp-json\/wp\/v2\/tags?post=29162"}],"curies":[{"name":"wp","href":"https:\/\/api.w.org\/{rel}","templated":true}]}}